{"id":1498,"date":"2026-03-06T08:35:47","date_gmt":"2026-03-06T07:35:47","guid":{"rendered":"https:\/\/www.lahunelle.be\/blog\/?p=1498"},"modified":"2026-03-06T08:35:47","modified_gmt":"2026-03-06T07:35:47","slug":"promotion-exceptionnelle-en-mars-sur-une-selection-darbres-fruitiers","status":"publish","type":"post","link":"https:\/\/www.lahunelle.be\/blog\/2026\/03\/06\/promotion-exceptionnelle-en-mars-sur-une-selection-darbres-fruitiers\/","title":{"rendered":"Promotion exceptionnelle en mars : -40 % sur une s\u00e9lection d\u2019arbres fruitiers"},"content":{"rendered":"<p>Le mois de mars est une p\u00e9riode importante \u00e0 la p\u00e9pini\u00e8re. C\u2019est le moment o\u00f9 nous pr\u00e9parons la nouvelle saison et o\u00f9 certaines parcelles doivent \u00eatre r\u00e9organis\u00e9es pour accueillir de futures plantations.<\/p>\n<p>Cette ann\u00e9e, nous devons lib\u00e9rer un terrain pour pr\u00e9parer les prochaines cultures.<br \/>\nNous proposons donc une <span style=\"font-size: 18px;\"><strong>promotion exceptionnelle de -40 %<\/strong> <\/span>sur une s\u00e9lection d\u2019arbres fruitiers.<\/p>\n<h1>Quels arbres sont concern\u00e9s ?<\/h1>\n<p>Cette promotion concerne :<\/p>\n<ul>\n<li>des arbres actuellement en <strong>jauge<\/strong>, pr\u00eats \u00e0 \u00eatre replant\u00e9s<\/li>\n<li>une s\u00e9lection d\u2019arbres encore en <strong>pleine terre<\/strong>, situ\u00e9s sur une parcelle qui sera vid\u00e9e cette saison<\/li>\n<\/ul>\n<p>Tous ces arbres sont parfaitement sains et cultiv\u00e9s avec soin. Ils attendent simplement un nouveau jardin pour continuer leur croissance.<\/p>\n<h3>Consultez la liste des arbres disponibles<\/h3>\n<p>Pour vous aider \u00e0 faire votre choix, nous avons mis en ligne la liste des arbres actuellement disponibles en promotion.<\/p>\n<p>\ud83d\udc49 Vous pouvez la consulter directement sur cette <a href=\"https:\/\/www.lahunelle.be\/blog\/2026\/03\/06\/liste-des-arbres-en-promotion-a-40\/\">page<\/a>.<\/p>\n<p>Cette liste vous permet de voir les vari\u00e9t\u00e9s encore disponibles, mais aussi de pr\u00e9parer votre visite \u00e0 la p\u00e9pini\u00e8re.<\/p>\n<p>Pensez \u00e0 <strong>r\u00e9server<\/strong> votre arbre<\/p>\n<p>Certains arbres figurant dans la liste sont encore en pleine terre et doivent \u00eatre arrach\u00e9s au moment de la commande.<\/p>\n<p>Pour cette raison, il est pr\u00e9f\u00e9rable de <strong>passer commande \u00e0 l\u2019avance<\/strong> afin que nous puissions pr\u00e9parer votre arbre dans les meilleures conditions.<\/p>\n<p>Vous pouvez :<\/p>\n<ul>\n<li>passer \u00e0 la p\u00e9pini\u00e8re<\/li>\n<li>nous contacter pour r\u00e9server un arbre<\/li>\n<li>ou commander \u00e0 l\u2019avance si vous savez d\u00e9j\u00e0 ce que vous souhaitez<\/li>\n<\/ul>\n<h3>Une belle occasion de planter votre verger<\/h3>\n<p>C\u2019est une belle opportunit\u00e9 pour :<\/p>\n<ul>\n<li>d\u00e9marrer un petit verger<\/li>\n<li>ajouter une nouvelle vari\u00e9t\u00e9 dans votre jardin<\/li>\n<li>ou profiter d\u2019un arbre fruitier de qualit\u00e9 \u00e0 prix r\u00e9duit<\/li>\n<\/ul>\n<p>Mais <strong>attention<\/strong> :<br \/>\n\ud83c\udf31 les <strong>quantit\u00e9s<\/strong> sont <strong>limit\u00e9es<\/strong> et la promotion est valable uniquement pendant le mois de mars.<\/p>\n<p>\ud83d\udccd Nous vous accueillons \u00e0 la p\u00e9pini\u00e8re pour vous conseiller et vous aider \u00e0 choisir l\u2019arbre le plus adapt\u00e9 \u00e0 votre jardin.<\/p>\n<p>\u00c0 tr\u00e8s bient\u00f4t aux P\u00e9pini\u00e8res de la Hunelle.<\/p>\n","protected":false},"excerpt":{"rendered":"<p>Le mois de mars est une p\u00e9riode importante \u00e0 la p\u00e9pini\u00e8re. C\u2019est le moment o\u00f9 nous pr\u00e9parons la nouvelle saison et o\u00f9 certaines parcelles doivent \u00eatre r\u00e9organis\u00e9es pour accueillir de futures plantations. Cette ann\u00e9e, nous devons lib\u00e9rer un terrain pour pr\u00e9parer les prochaines cultures. Nous proposons donc une promotion exceptionnelle [&hellip;]<\/p>\n","protected":false},"author":2,"featured_media":1500,"comment_status":"open","ping_status":"closed","sticky":false,"template":"","format":"standard","meta":{"cybocfi_hide_featured_image":"","footnotes":""},"categories":[2],"tags":[],"class_list":["post-1498","post","type-post","status-publish","format-standard","has-post-thumbnail","hentry","category-actualites"],"yoast_head":"<!-- This site is optimized with the Yoast SEO plugin v27.5 - https:\/\/yoast.com\/product\/yoast-seo-wordpress\/ -->\n<title>Promotion exceptionnelle en mars : -40 % sur une s\u00e9lection d\u2019arbres fruitiers -<\/title>\n<meta name=\"description\" content=\"Promotion exception en mars sur une s\u00e9lection d&#039;arbres fruitiers issus de notre production\" \/>\n<meta name=\"robots\" content=\"index, follow, max-snippet:-1, max-image-preview:large, max-video-preview:-1\" \/>\n<link rel=\"canonical\" href=\"https:\/\/www.lahunelle.be\/blog\/2026\/03\/06\/promotion-exceptionnelle-en-mars-sur-une-selection-darbres-fruitiers\/\" \/>\n<meta property=\"og:locale\" content=\"fr_FR\" \/>\n<meta property=\"og:type\" content=\"article\" \/>\n<meta property=\"og:title\" content=\"Promotion exceptionnelle en mars : -40 % sur une s\u00e9lection d\u2019arbres fruitiers -\" \/>\n<meta property=\"og:description\" content=\"Promotion exception en mars sur une s\u00e9lection d&#039;arbres fruitiers issus de notre production\" \/>\n<meta property=\"og:url\" content=\"https:\/\/www.lahunelle.be\/blog\/2026\/03\/06\/promotion-exceptionnelle-en-mars-sur-une-selection-darbres-fruitiers\/\" \/>\n<meta property=\"article:publisher\" content=\"https:\/\/www.facebook.com\/pepinieresdelahunelle\" \/>\n<meta property=\"article:published_time\" content=\"2026-03-06T07:35:47+00:00\" \/>\n<meta property=\"og:image\" content=\"https:\/\/www.lahunelle.be\/blog\/wp-content\/uploads\/2026\/03\/Jauge-mars-2026-1.jpg\" \/>\n\t<meta property=\"og:image:width\" content=\"1080\" \/>\n\t<meta property=\"og:image:height\" content=\"1663\" \/>\n\t<meta property=\"og:image:type\" content=\"image\/jpeg\" \/>\n<meta name=\"author\" content=\"Marie Forret\" \/>\n<meta name=\"twitter:card\" content=\"summary_large_image\" \/>\n<meta name=\"twitter:label1\" content=\"\u00c9crit par\" \/>\n\t<meta name=\"twitter:data1\" content=\"Marie Forret\" \/>\n\t<meta name=\"twitter:label2\" content=\"Dur\u00e9e de lecture estim\u00e9e\" \/>\n\t<meta name=\"twitter:data2\" content=\"2 minutes\" \/>\n<script type=\"application\/ld+json\" class=\"yoast-schema-graph\">{\"@context\":\"https:\\\/\\\/schema.org\",\"@graph\":[{\"@type\":\"Article\",\"@id\":\"https:\\\/\\\/www.lahunelle.be\\\/blog\\\/2026\\\/03\\\/06\\\/promotion-exceptionnelle-en-mars-sur-une-selection-darbres-fruitiers\\\/#article\",\"isPartOf\":{\"@id\":\"https:\\\/\\\/www.lahunelle.be\\\/blog\\\/2026\\\/03\\\/06\\\/promotion-exceptionnelle-en-mars-sur-une-selection-darbres-fruitiers\\\/\"},\"author\":{\"name\":\"Marie Forret\",\"@id\":\"https:\\\/\\\/www.lahunelle.be\\\/blog\\\/#\\\/schema\\\/person\\\/83ca8568294425700fb26878dfaf8c6a\"},\"headline\":\"Promotion exceptionnelle en mars : -40 % sur une s\u00e9lection d\u2019arbres fruitiers\",\"datePublished\":\"2026-03-06T07:35:47+00:00\",\"mainEntityOfPage\":{\"@id\":\"https:\\\/\\\/www.lahunelle.be\\\/blog\\\/2026\\\/03\\\/06\\\/promotion-exceptionnelle-en-mars-sur-une-selection-darbres-fruitiers\\\/\"},\"wordCount\":361,\"commentCount\":0,\"publisher\":{\"@id\":\"https:\\\/\\\/www.lahunelle.be\\\/blog\\\/#organization\"},\"image\":{\"@id\":\"https:\\\/\\\/www.lahunelle.be\\\/blog\\\/2026\\\/03\\\/06\\\/promotion-exceptionnelle-en-mars-sur-une-selection-darbres-fruitiers\\\/#primaryimage\"},\"thumbnailUrl\":\"https:\\\/\\\/www.lahunelle.be\\\/blog\\\/wp-content\\\/uploads\\\/2026\\\/03\\\/Jauge-mars-2026-1.jpg\",\"articleSection\":[\"Actualit\u00e9s\"],\"inLanguage\":\"fr-FR\",\"potentialAction\":[{\"@type\":\"CommentAction\",\"name\":\"Comment\",\"target\":[\"https:\\\/\\\/www.lahunelle.be\\\/blog\\\/2026\\\/03\\\/06\\\/promotion-exceptionnelle-en-mars-sur-une-selection-darbres-fruitiers\\\/#respond\"]}]},{\"@type\":\"WebPage\",\"@id\":\"https:\\\/\\\/www.lahunelle.be\\\/blog\\\/2026\\\/03\\\/06\\\/promotion-exceptionnelle-en-mars-sur-une-selection-darbres-fruitiers\\\/\",\"url\":\"https:\\\/\\\/www.lahunelle.be\\\/blog\\\/2026\\\/03\\\/06\\\/promotion-exceptionnelle-en-mars-sur-une-selection-darbres-fruitiers\\\/\",\"name\":\"Promotion exceptionnelle en mars : -40 % sur une s\u00e9lection d\u2019arbres fruitiers -\",\"isPartOf\":{\"@id\":\"https:\\\/\\\/www.lahunelle.be\\\/blog\\\/#website\"},\"primaryImageOfPage\":{\"@id\":\"https:\\\/\\\/www.lahunelle.be\\\/blog\\\/2026\\\/03\\\/06\\\/promotion-exceptionnelle-en-mars-sur-une-selection-darbres-fruitiers\\\/#primaryimage\"},\"image\":{\"@id\":\"https:\\\/\\\/www.lahunelle.be\\\/blog\\\/2026\\\/03\\\/06\\\/promotion-exceptionnelle-en-mars-sur-une-selection-darbres-fruitiers\\\/#primaryimage\"},\"thumbnailUrl\":\"https:\\\/\\\/www.lahunelle.be\\\/blog\\\/wp-content\\\/uploads\\\/2026\\\/03\\\/Jauge-mars-2026-1.jpg\",\"datePublished\":\"2026-03-06T07:35:47+00:00\",\"description\":\"Promotion exception en mars sur une s\u00e9lection d'arbres fruitiers issus de notre production\",\"breadcrumb\":{\"@id\":\"https:\\\/\\\/www.lahunelle.be\\\/blog\\\/2026\\\/03\\\/06\\\/promotion-exceptionnelle-en-mars-sur-une-selection-darbres-fruitiers\\\/#breadcrumb\"},\"inLanguage\":\"fr-FR\",\"potentialAction\":[{\"@type\":\"ReadAction\",\"target\":[\"https:\\\/\\\/www.lahunelle.be\\\/blog\\\/2026\\\/03\\\/06\\\/promotion-exceptionnelle-en-mars-sur-une-selection-darbres-fruitiers\\\/\"]}]},{\"@type\":\"ImageObject\",\"inLanguage\":\"fr-FR\",\"@id\":\"https:\\\/\\\/www.lahunelle.be\\\/blog\\\/2026\\\/03\\\/06\\\/promotion-exceptionnelle-en-mars-sur-une-selection-darbres-fruitiers\\\/#primaryimage\",\"url\":\"https:\\\/\\\/www.lahunelle.be\\\/blog\\\/wp-content\\\/uploads\\\/2026\\\/03\\\/Jauge-mars-2026-1.jpg\",\"contentUrl\":\"https:\\\/\\\/www.lahunelle.be\\\/blog\\\/wp-content\\\/uploads\\\/2026\\\/03\\\/Jauge-mars-2026-1.jpg\",\"width\":1080,\"height\":1663},{\"@type\":\"BreadcrumbList\",\"@id\":\"https:\\\/\\\/www.lahunelle.be\\\/blog\\\/2026\\\/03\\\/06\\\/promotion-exceptionnelle-en-mars-sur-une-selection-darbres-fruitiers\\\/#breadcrumb\",\"itemListElement\":[{\"@type\":\"ListItem\",\"position\":1,\"name\":\"Accueil\",\"item\":\"https:\\\/\\\/www.lahunelle.be\\\/blog\\\/\"},{\"@type\":\"ListItem\",\"position\":2,\"name\":\"Promotion exceptionnelle en mars : -40 % sur une s\u00e9lection d\u2019arbres fruitiers\"}]},{\"@type\":\"WebSite\",\"@id\":\"https:\\\/\\\/www.lahunelle.be\\\/blog\\\/#website\",\"url\":\"https:\\\/\\\/www.lahunelle.be\\\/blog\\\/\",\"name\":\"P\u00e9pini\u00e8res de la Hunelle\",\"description\":\"\",\"publisher\":{\"@id\":\"https:\\\/\\\/www.lahunelle.be\\\/blog\\\/#organization\"},\"potentialAction\":[{\"@type\":\"SearchAction\",\"target\":{\"@type\":\"EntryPoint\",\"urlTemplate\":\"https:\\\/\\\/www.lahunelle.be\\\/blog\\\/?s={search_term_string}\"},\"query-input\":{\"@type\":\"PropertyValueSpecification\",\"valueRequired\":true,\"valueName\":\"search_term_string\"}}],\"inLanguage\":\"fr-FR\"},{\"@type\":\"Organization\",\"@id\":\"https:\\\/\\\/www.lahunelle.be\\\/blog\\\/#organization\",\"name\":\"P\u00e9pini\u00e8res de la Hunelle\",\"url\":\"https:\\\/\\\/www.lahunelle.be\\\/blog\\\/\",\"logo\":{\"@type\":\"ImageObject\",\"inLanguage\":\"fr-FR\",\"@id\":\"https:\\\/\\\/www.lahunelle.be\\\/blog\\\/#\\\/schema\\\/logo\\\/image\\\/\",\"url\":\"https:\\\/\\\/www.lahunelle.be\\\/blog\\\/wp-content\\\/uploads\\\/2025\\\/07\\\/cropped-301136954_474459848024201_7287258234809584263_n.jpg\",\"contentUrl\":\"https:\\\/\\\/www.lahunelle.be\\\/blog\\\/wp-content\\\/uploads\\\/2025\\\/07\\\/cropped-301136954_474459848024201_7287258234809584263_n.jpg\",\"width\":617,\"height\":621,\"caption\":\"P\u00e9pini\u00e8res de la Hunelle\"},\"image\":{\"@id\":\"https:\\\/\\\/www.lahunelle.be\\\/blog\\\/#\\\/schema\\\/logo\\\/image\\\/\"},\"sameAs\":[\"https:\\\/\\\/www.facebook.com\\\/pepinieresdelahunelle\",\"https:\\\/\\\/www.instagram.com\\\/pepinieresdelahunelle\\\/\"]},{\"@type\":\"Person\",\"@id\":\"https:\\\/\\\/www.lahunelle.be\\\/blog\\\/#\\\/schema\\\/person\\\/83ca8568294425700fb26878dfaf8c6a\",\"name\":\"Marie Forret\"}]}<\/script>\n<!-- \/ Yoast SEO plugin. -->","yoast_head_json":{"title":"Promotion exceptionnelle en mars : -40 % sur une s\u00e9lection d\u2019arbres fruitiers -","description":"Promotion exception en mars sur une s\u00e9lection d'arbres fruitiers issus de notre production","robots":{"index":"index","follow":"follow","max-snippet":"max-snippet:-1","max-image-preview":"max-image-preview:large","max-video-preview":"max-video-preview:-1"},"canonical":"https:\/\/www.lahunelle.be\/blog\/2026\/03\/06\/promotion-exceptionnelle-en-mars-sur-une-selection-darbres-fruitiers\/","og_locale":"fr_FR","og_type":"article","og_title":"Promotion exceptionnelle en mars : -40 % sur une s\u00e9lection d\u2019arbres fruitiers -","og_description":"Promotion exception en mars sur une s\u00e9lection d'arbres fruitiers issus de notre production","og_url":"https:\/\/www.lahunelle.be\/blog\/2026\/03\/06\/promotion-exceptionnelle-en-mars-sur-une-selection-darbres-fruitiers\/","article_publisher":"https:\/\/www.facebook.com\/pepinieresdelahunelle","article_published_time":"2026-03-06T07:35:47+00:00","og_image":[{"width":1080,"height":1663,"url":"https:\/\/www.lahunelle.be\/blog\/wp-content\/uploads\/2026\/03\/Jauge-mars-2026-1.jpg","type":"image\/jpeg"}],"author":"Marie Forret","twitter_card":"summary_large_image","twitter_misc":{"\u00c9crit par":"Marie Forret","Dur\u00e9e de lecture estim\u00e9e":"2 minutes"},"schema":{"@context":"https:\/\/schema.org","@graph":[{"@type":"Article","@id":"https:\/\/www.lahunelle.be\/blog\/2026\/03\/06\/promotion-exceptionnelle-en-mars-sur-une-selection-darbres-fruitiers\/#article","isPartOf":{"@id":"https:\/\/www.lahunelle.be\/blog\/2026\/03\/06\/promotion-exceptionnelle-en-mars-sur-une-selection-darbres-fruitiers\/"},"author":{"name":"Marie Forret","@id":"https:\/\/www.lahunelle.be\/blog\/#\/schema\/person\/83ca8568294425700fb26878dfaf8c6a"},"headline":"Promotion exceptionnelle en mars : -40 % sur une s\u00e9lection d\u2019arbres fruitiers","datePublished":"2026-03-06T07:35:47+00:00","mainEntityOfPage":{"@id":"https:\/\/www.lahunelle.be\/blog\/2026\/03\/06\/promotion-exceptionnelle-en-mars-sur-une-selection-darbres-fruitiers\/"},"wordCount":361,"commentCount":0,"publisher":{"@id":"https:\/\/www.lahunelle.be\/blog\/#organization"},"image":{"@id":"https:\/\/www.lahunelle.be\/blog\/2026\/03\/06\/promotion-exceptionnelle-en-mars-sur-une-selection-darbres-fruitiers\/#primaryimage"},"thumbnailUrl":"https:\/\/www.lahunelle.be\/blog\/wp-content\/uploads\/2026\/03\/Jauge-mars-2026-1.jpg","articleSection":["Actualit\u00e9s"],"inLanguage":"fr-FR","potentialAction":[{"@type":"CommentAction","name":"Comment","target":["https:\/\/www.lahunelle.be\/blog\/2026\/03\/06\/promotion-exceptionnelle-en-mars-sur-une-selection-darbres-fruitiers\/#respond"]}]},{"@type":"WebPage","@id":"https:\/\/www.lahunelle.be\/blog\/2026\/03\/06\/promotion-exceptionnelle-en-mars-sur-une-selection-darbres-fruitiers\/","url":"https:\/\/www.lahunelle.be\/blog\/2026\/03\/06\/promotion-exceptionnelle-en-mars-sur-une-selection-darbres-fruitiers\/","name":"Promotion exceptionnelle en mars : -40 % sur une s\u00e9lection d\u2019arbres fruitiers -","isPartOf":{"@id":"https:\/\/www.lahunelle.be\/blog\/#website"},"primaryImageOfPage":{"@id":"https:\/\/www.lahunelle.be\/blog\/2026\/03\/06\/promotion-exceptionnelle-en-mars-sur-une-selection-darbres-fruitiers\/#primaryimage"},"image":{"@id":"https:\/\/www.lahunelle.be\/blog\/2026\/03\/06\/promotion-exceptionnelle-en-mars-sur-une-selection-darbres-fruitiers\/#primaryimage"},"thumbnailUrl":"https:\/\/www.lahunelle.be\/blog\/wp-content\/uploads\/2026\/03\/Jauge-mars-2026-1.jpg","datePublished":"2026-03-06T07:35:47+00:00","description":"Promotion exception en mars sur une s\u00e9lection d'arbres fruitiers issus de notre production","breadcrumb":{"@id":"https:\/\/www.lahunelle.be\/blog\/2026\/03\/06\/promotion-exceptionnelle-en-mars-sur-une-selection-darbres-fruitiers\/#breadcrumb"},"inLanguage":"fr-FR","potentialAction":[{"@type":"ReadAction","target":["https:\/\/www.lahunelle.be\/blog\/2026\/03\/06\/promotion-exceptionnelle-en-mars-sur-une-selection-darbres-fruitiers\/"]}]},{"@type":"ImageObject","inLanguage":"fr-FR","@id":"https:\/\/www.lahunelle.be\/blog\/2026\/03\/06\/promotion-exceptionnelle-en-mars-sur-une-selection-darbres-fruitiers\/#primaryimage","url":"https:\/\/www.lahunelle.be\/blog\/wp-content\/uploads\/2026\/03\/Jauge-mars-2026-1.jpg","contentUrl":"https:\/\/www.lahunelle.be\/blog\/wp-content\/uploads\/2026\/03\/Jauge-mars-2026-1.jpg","width":1080,"height":1663},{"@type":"BreadcrumbList","@id":"https:\/\/www.lahunelle.be\/blog\/2026\/03\/06\/promotion-exceptionnelle-en-mars-sur-une-selection-darbres-fruitiers\/#breadcrumb","itemListElement":[{"@type":"ListItem","position":1,"name":"Accueil","item":"https:\/\/www.lahunelle.be\/blog\/"},{"@type":"ListItem","position":2,"name":"Promotion exceptionnelle en mars : -40 % sur une s\u00e9lection d\u2019arbres fruitiers"}]},{"@type":"WebSite","@id":"https:\/\/www.lahunelle.be\/blog\/#website","url":"https:\/\/www.lahunelle.be\/blog\/","name":"P\u00e9pini\u00e8res de la Hunelle","description":"","publisher":{"@id":"https:\/\/www.lahunelle.be\/blog\/#organization"},"potentialAction":[{"@type":"SearchAction","target":{"@type":"EntryPoint","urlTemplate":"https:\/\/www.lahunelle.be\/blog\/?s={search_term_string}"},"query-input":{"@type":"PropertyValueSpecification","valueRequired":true,"valueName":"search_term_string"}}],"inLanguage":"fr-FR"},{"@type":"Organization","@id":"https:\/\/www.lahunelle.be\/blog\/#organization","name":"P\u00e9pini\u00e8res de la Hunelle","url":"https:\/\/www.lahunelle.be\/blog\/","logo":{"@type":"ImageObject","inLanguage":"fr-FR","@id":"https:\/\/www.lahunelle.be\/blog\/#\/schema\/logo\/image\/","url":"https:\/\/www.lahunelle.be\/blog\/wp-content\/uploads\/2025\/07\/cropped-301136954_474459848024201_7287258234809584263_n.jpg","contentUrl":"https:\/\/www.lahunelle.be\/blog\/wp-content\/uploads\/2025\/07\/cropped-301136954_474459848024201_7287258234809584263_n.jpg","width":617,"height":621,"caption":"P\u00e9pini\u00e8res de la Hunelle"},"image":{"@id":"https:\/\/www.lahunelle.be\/blog\/#\/schema\/logo\/image\/"},"sameAs":["https:\/\/www.facebook.com\/pepinieresdelahunelle","https:\/\/www.instagram.com\/pepinieresdelahunelle\/"]},{"@type":"Person","@id":"https:\/\/www.lahunelle.be\/blog\/#\/schema\/person\/83ca8568294425700fb26878dfaf8c6a","name":"Marie Forret"}]}},"views":337,"_links":{"self":[{"href":"https:\/\/www.lahunelle.be\/blog\/wp-json\/wp\/v2\/posts\/1498","targetHints":{"allow":["GET"]}}],"collection":[{"href":"https:\/\/www.lahunelle.be\/blog\/wp-json\/wp\/v2\/posts"}],"about":[{"href":"https:\/\/www.lahunelle.be\/blog\/wp-json\/wp\/v2\/types\/post"}],"author":[{"embeddable":true,"href":"https:\/\/www.lahunelle.be\/blog\/wp-json\/wp\/v2\/users\/2"}],"replies":[{"embeddable":true,"href":"https:\/\/www.lahunelle.be\/blog\/wp-json\/wp\/v2\/comments?post=1498"}],"version-history":[{"count":2,"href":"https:\/\/www.lahunelle.be\/blog\/wp-json\/wp\/v2\/posts\/1498\/revisions"}],"predecessor-version":[{"id":1513,"href":"https:\/\/www.lahunelle.be\/blog\/wp-json\/wp\/v2\/posts\/1498\/revisions\/1513"}],"wp:featuredmedia":[{"embeddable":true,"href":"https:\/\/www.lahunelle.be\/blog\/wp-json\/wp\/v2\/media\/1500"}],"wp:attachment":[{"href":"https:\/\/www.lahunelle.be\/blog\/wp-json\/wp\/v2\/media?parent=1498"}],"wp:term":[{"taxonomy":"category","embeddable":true,"href":"https:\/\/www.lahunelle.be\/blog\/wp-json\/wp\/v2\/categories?post=1498"},{"taxonomy":"post_tag","embeddable":true,"href":"https:\/\/www.lahunelle.be\/blog\/wp-json\/wp\/v2\/tags?post=1498"}],"curies":[{"name":"wp","href":"https:\/\/api.w.org\/{rel}","templated":true}]}}